{"id":296,"date":"2020-03-24T15:22:24","date_gmt":"2020-03-24T15:22:24","guid":{"rendered":"http:\/\/eremserwis.arys-meble.pl\/?p=296"},"modified":"2020-03-24T15:22:25","modified_gmt":"2020-03-24T15:22:25","slug":"targi-samochodowe-frankfurt-2017","status":"publish","type":"post","link":"https:\/\/eremserwis.pl\/ru\/targi-samochodowe-frankfurt-2017\/","title":{"rendered":"Targi samochodowe Frankfurt 2017"},"content":{"rendered":"\n<p>W dniach od 14 do 24 wrze\u015bnia odbywaj\u0105 si\u0119 targi samochodowe we  Frankfurcie, jedna z najwi\u0119kszych tego rodzaju imprez na \u015bwiecie.  Podczas targ\u00f3w ma by\u0107 zaprezentowanych oko\u0142o 50 nowych modeli aut m.in.  przez Audi, BMW, Mercedesa, Opla, Skod\u0119, Renault, Lexusa, Seata oraz  Volkswagena. Co ciekawe, we Frankfurcie nie b\u0119dzie m.in. Volvo, Fiata,  czy Alfa Romeo. Mimo to impreza zapowiada si\u0119 ciekawie. Je\u015bli kto\u015b chce w  niej uczestniczy\u0107, salon wystawowy dla odwiedzaj\u0105cych otwarty b\u0119dzie w  dniach 16-24 wrze\u015bnia \u2013 ca\u0142odniowy bilet wst\u0119pu kosztuje w dzie\u0144 roboczy  14, a w weekend 16 euro. Taniej mo\u017cna bilet kupi\u0107 online. <\/p>\n","protected":false},"excerpt":{"rendered":"<p>W dniach od 14 do 24 wrze\u015bnia odbywaj\u0105 si\u0119 targi samochodowe we Frankfurcie, jedna z najwi\u0119kszych tego rodzaju imprez na \u015bwiecie. Podczas targ\u00f3w ma by\u0107 zaprezentowanych oko\u0142o 50 nowych modeli aut m.in. przez Audi, BMW, Mercedesa, Opla, Skod\u0119, Renault, Lexusa, Seata oraz Volkswagena. Co ciekawe, we Frankfurcie nie b\u0119dzie m.in. Volvo, Fiata, czy Alfa Romeo. [&hellip;]<\/p>\n","protected":false},"author":1,"featured_media":297,"comment_status":"closed","ping_status":"open","sticky":false,"template":"","format":"standard","meta":{"_acf_changed":false,"footnotes":""},"categories":[4],"tags":[],"class_list":["post-296","post","type-post","status-publish","format-standard","has-post-thumbnail","hentry","category-aktualnosci"],"acf":[],"yoast_head":"<!-- This site is optimized with the Yoast SEO Premium plugin v27.5 (Yoast SEO v27.5) - https:\/\/yoast.com\/product\/yoast-seo-premium-wordpress\/ -->\n<title>Targi samochodowe Frankfurt 2017 - Erem Serwis<\/title>\n<meta name=\"robots\" content=\"index, follow, max-snippet:-1, max-image-preview:large, max-video-preview:-1\" \/>\n<link rel=\"canonical\" href=\"https:\/\/eremserwis.pl\/ru\/targi-samochodowe-frankfurt-2017\/\" \/>\n<meta property=\"og:locale\" content=\"pl_PL\" \/>\n<meta property=\"og:type\" content=\"article\" \/>\n<meta property=\"og:title\" content=\"Targi samochodowe Frankfurt 2017\" \/>\n<meta property=\"og:description\" content=\"W dniach od 14 do 24 wrze\u015bnia odbywaj\u0105 si\u0119 targi samochodowe we Frankfurcie, jedna z najwi\u0119kszych tego rodzaju imprez na \u015bwiecie. Podczas targ\u00f3w ma by\u0107 zaprezentowanych oko\u0142o 50 nowych modeli aut m.in. przez Audi, BMW, Mercedesa, Opla, Skod\u0119, Renault, Lexusa, Seata oraz Volkswagena. Co ciekawe, we Frankfurcie nie b\u0119dzie m.in. Volvo, Fiata, czy Alfa Romeo. [&hellip;]\" \/>\n<meta property=\"og:url\" content=\"https:\/\/eremserwis.pl\/ru\/targi-samochodowe-frankfurt-2017\/\" \/>\n<meta property=\"og:site_name\" content=\"Erem Serwis\" \/>\n<meta property=\"article:published_time\" content=\"2020-03-24T15:22:24+00:00\" \/>\n<meta property=\"article:modified_time\" content=\"2020-03-24T15:22:25+00:00\" \/>\n<meta property=\"og:image\" content=\"https:\/\/eremserwis.pl\/ru\/wp-content\/uploads\/sites\/3\/2020\/03\/icon-56.jpg\" \/>\n\t<meta property=\"og:image:width\" content=\"1322\" \/>\n\t<meta property=\"og:image:height\" content=\"882\" \/>\n\t<meta property=\"og:image:type\" content=\"image\/jpeg\" \/>\n<meta name=\"author\" content=\"erem_serwis\" \/>\n<meta name=\"twitter:card\" content=\"summary_large_image\" \/>\n<meta name=\"twitter:label1\" content=\"Napisane przez\" \/>\n\t<meta name=\"twitter:data1\" content=\"erem_serwis\" \/>\n\t<meta name=\"twitter:label2\" content=\"Szacowany czas czytania\" \/>\n\t<meta name=\"twitter:data2\" content=\"1 minuta\" \/>\n<script type=\"application\/ld+json\" class=\"yoast-schema-graph\">{\"@context\":\"https:\\\/\\\/schema.org\",\"@graph\":[{\"@type\":\"Article\",\"@id\":\"https:\\\/\\\/eremserwis.pl\\\/ru\\\/targi-samochodowe-frankfurt-2017\\\/#article\",\"isPartOf\":{\"@id\":\"https:\\\/\\\/eremserwis.pl\\\/ru\\\/targi-samochodowe-frankfurt-2017\\\/\"},\"author\":{\"name\":\"erem_serwis\",\"@id\":\"https:\\\/\\\/eremserwis.pl\\\/ru\\\/#\\\/schema\\\/person\\\/a82cc788462169e5723994c00189dc31\"},\"headline\":\"Targi samochodowe Frankfurt 2017\",\"datePublished\":\"2020-03-24T15:22:24+00:00\",\"dateModified\":\"2020-03-24T15:22:25+00:00\",\"mainEntityOfPage\":{\"@id\":\"https:\\\/\\\/eremserwis.pl\\\/ru\\\/targi-samochodowe-frankfurt-2017\\\/\"},\"wordCount\":107,\"publisher\":{\"@id\":\"https:\\\/\\\/eremserwis.pl\\\/ru\\\/#organization\"},\"image\":{\"@id\":\"https:\\\/\\\/eremserwis.pl\\\/ru\\\/targi-samochodowe-frankfurt-2017\\\/#primaryimage\"},\"thumbnailUrl\":\"https:\\\/\\\/eremserwis.pl\\\/ru\\\/wp-content\\\/uploads\\\/sites\\\/3\\\/2020\\\/03\\\/icon-56.jpg\",\"articleSection\":[\"Aktualno\u015bci\"],\"inLanguage\":\"pl-PL\"},{\"@type\":\"WebPage\",\"@id\":\"https:\\\/\\\/eremserwis.pl\\\/ru\\\/targi-samochodowe-frankfurt-2017\\\/\",\"url\":\"https:\\\/\\\/eremserwis.pl\\\/ru\\\/targi-samochodowe-frankfurt-2017\\\/\",\"name\":\"Targi samochodowe Frankfurt 2017 - Erem Serwis\",\"isPartOf\":{\"@id\":\"https:\\\/\\\/eremserwis.pl\\\/ru\\\/#website\"},\"primaryImageOfPage\":{\"@id\":\"https:\\\/\\\/eremserwis.pl\\\/ru\\\/targi-samochodowe-frankfurt-2017\\\/#primaryimage\"},\"image\":{\"@id\":\"https:\\\/\\\/eremserwis.pl\\\/ru\\\/targi-samochodowe-frankfurt-2017\\\/#primaryimage\"},\"thumbnailUrl\":\"https:\\\/\\\/eremserwis.pl\\\/ru\\\/wp-content\\\/uploads\\\/sites\\\/3\\\/2020\\\/03\\\/icon-56.jpg\",\"datePublished\":\"2020-03-24T15:22:24+00:00\",\"dateModified\":\"2020-03-24T15:22:25+00:00\",\"breadcrumb\":{\"@id\":\"https:\\\/\\\/eremserwis.pl\\\/ru\\\/targi-samochodowe-frankfurt-2017\\\/#breadcrumb\"},\"inLanguage\":\"pl-PL\",\"potentialAction\":[{\"@type\":\"ReadAction\",\"target\":[\"https:\\\/\\\/eremserwis.pl\\\/ru\\\/targi-samochodowe-frankfurt-2017\\\/\"]}]},{\"@type\":\"ImageObject\",\"inLanguage\":\"pl-PL\",\"@id\":\"https:\\\/\\\/eremserwis.pl\\\/ru\\\/targi-samochodowe-frankfurt-2017\\\/#primaryimage\",\"url\":\"https:\\\/\\\/eremserwis.pl\\\/ru\\\/wp-content\\\/uploads\\\/sites\\\/3\\\/2020\\\/03\\\/icon-56.jpg\",\"contentUrl\":\"https:\\\/\\\/eremserwis.pl\\\/ru\\\/wp-content\\\/uploads\\\/sites\\\/3\\\/2020\\\/03\\\/icon-56.jpg\",\"width\":1322,\"height\":882,\"caption\":\"Targi samochodowe Frankfurt 2017\"},{\"@type\":\"BreadcrumbList\",\"@id\":\"https:\\\/\\\/eremserwis.pl\\\/ru\\\/targi-samochodowe-frankfurt-2017\\\/#breadcrumb\",\"itemListElement\":[{\"@type\":\"ListItem\",\"position\":1,\"name\":\"Strona g\u0142\u00f3wna\",\"item\":\"https:\\\/\\\/eremserwis.pl\\\/ru\\\/\"},{\"@type\":\"ListItem\",\"position\":2,\"name\":\"Targi samochodowe Frankfurt 2017\"}]},{\"@type\":\"WebSite\",\"@id\":\"https:\\\/\\\/eremserwis.pl\\\/ru\\\/#website\",\"url\":\"https:\\\/\\\/eremserwis.pl\\\/ru\\\/\",\"name\":\"Erem Serwis zawsze po drodze\",\"description\":\"\u0412\u0441\u0435\u0433\u0434\u0430 \u043d\u0430 \u043f\u0443\u0442\u0438\",\"publisher\":{\"@id\":\"https:\\\/\\\/eremserwis.pl\\\/ru\\\/#organization\"},\"potentialAction\":[{\"@type\":\"SearchAction\",\"target\":{\"@type\":\"EntryPoint\",\"urlTemplate\":\"https:\\\/\\\/eremserwis.pl\\\/ru\\\/?s={search_term_string}\"},\"query-input\":{\"@type\":\"PropertyValueSpecification\",\"valueRequired\":true,\"valueName\":\"search_term_string\"}}],\"inLanguage\":\"pl-PL\"},{\"@type\":\"Organization\",\"@id\":\"https:\\\/\\\/eremserwis.pl\\\/ru\\\/#organization\",\"name\":\"Erem Serwis\",\"url\":\"https:\\\/\\\/eremserwis.pl\\\/ru\\\/\",\"logo\":{\"@type\":\"ImageObject\",\"inLanguage\":\"pl-PL\",\"@id\":\"https:\\\/\\\/eremserwis.pl\\\/ru\\\/#\\\/schema\\\/logo\\\/image\\\/\",\"url\":\"https:\\\/\\\/eremserwis.pl\\\/ru\\\/wp-content\\\/uploads\\\/sites\\\/3\\\/2025\\\/02\\\/IMG_5260.jpeg\",\"contentUrl\":\"https:\\\/\\\/eremserwis.pl\\\/ru\\\/wp-content\\\/uploads\\\/sites\\\/3\\\/2025\\\/02\\\/IMG_5260.jpeg\",\"width\":1506,\"height\":750,\"caption\":\"Erem Serwis\"},\"image\":{\"@id\":\"https:\\\/\\\/eremserwis.pl\\\/ru\\\/#\\\/schema\\\/logo\\\/image\\\/\"}},{\"@type\":\"Person\",\"@id\":\"https:\\\/\\\/eremserwis.pl\\\/ru\\\/#\\\/schema\\\/person\\\/a82cc788462169e5723994c00189dc31\",\"name\":\"erem_serwis\",\"image\":{\"@type\":\"ImageObject\",\"inLanguage\":\"pl-PL\",\"@id\":\"https:\\\/\\\/secure.gravatar.com\\\/avatar\\\/ab36b215a47a4b6c0507e1cd35dce8934baa59967f5612a4cdbc82f75321db24?s=96&d=mm&r=g\",\"url\":\"https:\\\/\\\/secure.gravatar.com\\\/avatar\\\/ab36b215a47a4b6c0507e1cd35dce8934baa59967f5612a4cdbc82f75321db24?s=96&d=mm&r=g\",\"contentUrl\":\"https:\\\/\\\/secure.gravatar.com\\\/avatar\\\/ab36b215a47a4b6c0507e1cd35dce8934baa59967f5612a4cdbc82f75321db24?s=96&d=mm&r=g\",\"caption\":\"erem_serwis\"},\"url\":\"https:\\\/\\\/eremserwis.pl\\\/ru\\\/author\\\/erem_serwis\\\/\"}]}<\/script>\n<!-- \/ Yoast SEO Premium plugin. -->","yoast_head_json":{"title":"Targi samochodowe Frankfurt 2017 - Erem Serwis","robots":{"index":"index","follow":"follow","max-snippet":"max-snippet:-1","max-image-preview":"max-image-preview:large","max-video-preview":"max-video-preview:-1"},"canonical":"https:\/\/eremserwis.pl\/ru\/targi-samochodowe-frankfurt-2017\/","og_locale":"pl_PL","og_type":"article","og_title":"Targi samochodowe Frankfurt 2017","og_description":"W dniach od 14 do 24 wrze\u015bnia odbywaj\u0105 si\u0119 targi samochodowe we Frankfurcie, jedna z najwi\u0119kszych tego rodzaju imprez na \u015bwiecie. Podczas targ\u00f3w ma by\u0107 zaprezentowanych oko\u0142o 50 nowych modeli aut m.in. przez Audi, BMW, Mercedesa, Opla, Skod\u0119, Renault, Lexusa, Seata oraz Volkswagena. Co ciekawe, we Frankfurcie nie b\u0119dzie m.in. Volvo, Fiata, czy Alfa Romeo. [&hellip;]","og_url":"https:\/\/eremserwis.pl\/ru\/targi-samochodowe-frankfurt-2017\/","og_site_name":"Erem Serwis","article_published_time":"2020-03-24T15:22:24+00:00","article_modified_time":"2020-03-24T15:22:25+00:00","og_image":[{"width":1322,"height":882,"url":"https:\/\/eremserwis.pl\/ru\/wp-content\/uploads\/sites\/3\/2020\/03\/icon-56.jpg","type":"image\/jpeg"}],"author":"erem_serwis","twitter_card":"summary_large_image","twitter_misc":{"Napisane przez":"erem_serwis","Szacowany czas czytania":"1 minuta"},"schema":{"@context":"https:\/\/schema.org","@graph":[{"@type":"Article","@id":"https:\/\/eremserwis.pl\/ru\/targi-samochodowe-frankfurt-2017\/#article","isPartOf":{"@id":"https:\/\/eremserwis.pl\/ru\/targi-samochodowe-frankfurt-2017\/"},"author":{"name":"erem_serwis","@id":"https:\/\/eremserwis.pl\/ru\/#\/schema\/person\/a82cc788462169e5723994c00189dc31"},"headline":"Targi samochodowe Frankfurt 2017","datePublished":"2020-03-24T15:22:24+00:00","dateModified":"2020-03-24T15:22:25+00:00","mainEntityOfPage":{"@id":"https:\/\/eremserwis.pl\/ru\/targi-samochodowe-frankfurt-2017\/"},"wordCount":107,"publisher":{"@id":"https:\/\/eremserwis.pl\/ru\/#organization"},"image":{"@id":"https:\/\/eremserwis.pl\/ru\/targi-samochodowe-frankfurt-2017\/#primaryimage"},"thumbnailUrl":"https:\/\/eremserwis.pl\/ru\/wp-content\/uploads\/sites\/3\/2020\/03\/icon-56.jpg","articleSection":["Aktualno\u015bci"],"inLanguage":"pl-PL"},{"@type":"WebPage","@id":"https:\/\/eremserwis.pl\/ru\/targi-samochodowe-frankfurt-2017\/","url":"https:\/\/eremserwis.pl\/ru\/targi-samochodowe-frankfurt-2017\/","name":"Targi samochodowe Frankfurt 2017 - Erem Serwis","isPartOf":{"@id":"https:\/\/eremserwis.pl\/ru\/#website"},"primaryImageOfPage":{"@id":"https:\/\/eremserwis.pl\/ru\/targi-samochodowe-frankfurt-2017\/#primaryimage"},"image":{"@id":"https:\/\/eremserwis.pl\/ru\/targi-samochodowe-frankfurt-2017\/#primaryimage"},"thumbnailUrl":"https:\/\/eremserwis.pl\/ru\/wp-content\/uploads\/sites\/3\/2020\/03\/icon-56.jpg","datePublished":"2020-03-24T15:22:24+00:00","dateModified":"2020-03-24T15:22:25+00:00","breadcrumb":{"@id":"https:\/\/eremserwis.pl\/ru\/targi-samochodowe-frankfurt-2017\/#breadcrumb"},"inLanguage":"pl-PL","potentialAction":[{"@type":"ReadAction","target":["https:\/\/eremserwis.pl\/ru\/targi-samochodowe-frankfurt-2017\/"]}]},{"@type":"ImageObject","inLanguage":"pl-PL","@id":"https:\/\/eremserwis.pl\/ru\/targi-samochodowe-frankfurt-2017\/#primaryimage","url":"https:\/\/eremserwis.pl\/ru\/wp-content\/uploads\/sites\/3\/2020\/03\/icon-56.jpg","contentUrl":"https:\/\/eremserwis.pl\/ru\/wp-content\/uploads\/sites\/3\/2020\/03\/icon-56.jpg","width":1322,"height":882,"caption":"Targi samochodowe Frankfurt 2017"},{"@type":"BreadcrumbList","@id":"https:\/\/eremserwis.pl\/ru\/targi-samochodowe-frankfurt-2017\/#breadcrumb","itemListElement":[{"@type":"ListItem","position":1,"name":"Strona g\u0142\u00f3wna","item":"https:\/\/eremserwis.pl\/ru\/"},{"@type":"ListItem","position":2,"name":"Targi samochodowe Frankfurt 2017"}]},{"@type":"WebSite","@id":"https:\/\/eremserwis.pl\/ru\/#website","url":"https:\/\/eremserwis.pl\/ru\/","name":"Erem Serwis zawsze po drodze","description":"\u0412\u0441\u0435\u0433\u0434\u0430 \u043d\u0430 \u043f\u0443\u0442\u0438","publisher":{"@id":"https:\/\/eremserwis.pl\/ru\/#organization"},"potentialAction":[{"@type":"SearchAction","target":{"@type":"EntryPoint","urlTemplate":"https:\/\/eremserwis.pl\/ru\/?s={search_term_string}"},"query-input":{"@type":"PropertyValueSpecification","valueRequired":true,"valueName":"search_term_string"}}],"inLanguage":"pl-PL"},{"@type":"Organization","@id":"https:\/\/eremserwis.pl\/ru\/#organization","name":"Erem Serwis","url":"https:\/\/eremserwis.pl\/ru\/","logo":{"@type":"ImageObject","inLanguage":"pl-PL","@id":"https:\/\/eremserwis.pl\/ru\/#\/schema\/logo\/image\/","url":"https:\/\/eremserwis.pl\/ru\/wp-content\/uploads\/sites\/3\/2025\/02\/IMG_5260.jpeg","contentUrl":"https:\/\/eremserwis.pl\/ru\/wp-content\/uploads\/sites\/3\/2025\/02\/IMG_5260.jpeg","width":1506,"height":750,"caption":"Erem Serwis"},"image":{"@id":"https:\/\/eremserwis.pl\/ru\/#\/schema\/logo\/image\/"}},{"@type":"Person","@id":"https:\/\/eremserwis.pl\/ru\/#\/schema\/person\/a82cc788462169e5723994c00189dc31","name":"erem_serwis","image":{"@type":"ImageObject","inLanguage":"pl-PL","@id":"https:\/\/secure.gravatar.com\/avatar\/ab36b215a47a4b6c0507e1cd35dce8934baa59967f5612a4cdbc82f75321db24?s=96&d=mm&r=g","url":"https:\/\/secure.gravatar.com\/avatar\/ab36b215a47a4b6c0507e1cd35dce8934baa59967f5612a4cdbc82f75321db24?s=96&d=mm&r=g","contentUrl":"https:\/\/secure.gravatar.com\/avatar\/ab36b215a47a4b6c0507e1cd35dce8934baa59967f5612a4cdbc82f75321db24?s=96&d=mm&r=g","caption":"erem_serwis"},"url":"https:\/\/eremserwis.pl\/ru\/author\/erem_serwis\/"}]}},"_links":{"self":[{"href":"https:\/\/eremserwis.pl\/ru\/wp-json\/wp\/v2\/posts\/296","targetHints":{"allow":["GET"]}}],"collection":[{"href":"https:\/\/eremserwis.pl\/ru\/wp-json\/wp\/v2\/posts"}],"about":[{"href":"https:\/\/eremserwis.pl\/ru\/wp-json\/wp\/v2\/types\/post"}],"author":[{"embeddable":true,"href":"https:\/\/eremserwis.pl\/ru\/wp-json\/wp\/v2\/users\/1"}],"replies":[{"embeddable":true,"href":"https:\/\/eremserwis.pl\/ru\/wp-json\/wp\/v2\/comments?post=296"}],"version-history":[{"count":1,"href":"https:\/\/eremserwis.pl\/ru\/wp-json\/wp\/v2\/posts\/296\/revisions"}],"predecessor-version":[{"id":298,"href":"https:\/\/eremserwis.pl\/ru\/wp-json\/wp\/v2\/posts\/296\/revisions\/298"}],"wp:featuredmedia":[{"embeddable":true,"href":"https:\/\/eremserwis.pl\/ru\/wp-json\/wp\/v2\/media\/297"}],"wp:attachment":[{"href":"https:\/\/eremserwis.pl\/ru\/wp-json\/wp\/v2\/media?parent=296"}],"wp:term":[{"taxonomy":"category","embeddable":true,"href":"https:\/\/eremserwis.pl\/ru\/wp-json\/wp\/v2\/categories?post=296"},{"taxonomy":"post_tag","embeddable":true,"href":"https:\/\/eremserwis.pl\/ru\/wp-json\/wp\/v2\/tags?post=296"}],"curies":[{"name":"wp","href":"https:\/\/api.w.org\/{rel}","templated":true}]}}