{"id":293,"date":"2020-03-24T15:21:19","date_gmt":"2020-03-24T15:21:19","guid":{"rendered":"http:\/\/eremserwis.arys-meble.pl\/?p=293"},"modified":"2020-03-24T15:21:20","modified_gmt":"2020-03-24T15:21:20","slug":"pojazdy-man-na-niemieckich-targach-nufam-2017","status":"publish","type":"post","link":"https:\/\/eremserwis.pl\/ru\/pojazdy-man-na-niemieckich-targach-nufam-2017\/","title":{"rendered":"Pojazdy MAN na niemieckich targach NUFAM 2017"},"content":{"rendered":"\n<p>W dniach 28 wrze\u015bnia \u2013 1 pa\u017adziernika odb\u0119d\u0105 si\u0119 w Karlsruhe targi  pojazd\u00f3w u\u017cytkowych NUFAM 2017 \u2013 najwa\u017cniejsze w po\u0142udniowych Niemczech.  Spotyka si\u0119 tam ca\u0142a bran\u017ca i przyci\u0105ga nie tylko mieszka\u0144c\u00f3w Niemiec,  ale r\u00f3wnie\u017c turyst\u00f3w z kraj\u00f3w o\u015bciennych, g\u0142\u00f3wnie z Francji, Szwajcarii  oraz Austrii. Podczas targ\u00f3w swoje stanowisko b\u0119dzie mia\u0142 r\u00f3wnie\u017c MAN,  kt\u00f3ry zaprezentuje m.in. silnik MAN D08 \u201eonly SCR\u201d oraz oczywi\u015bcie  nowego MAN TGE. Opr\u00f3cz tego na targach b\u0119dzie oko\u0142o 35 wystawc\u00f3w. Je\u015bli  kto\u015b b\u0119dzie w tym czasie w okolicach Karlsruhe, mo\u017ce odwiedzi\u0107 targi \u2013  wst\u0119p kosztuje 11 euro. <\/p>\n","protected":false},"excerpt":{"rendered":"<p>W dniach 28 wrze\u015bnia \u2013 1 pa\u017adziernika odb\u0119d\u0105 si\u0119 w Karlsruhe targi pojazd\u00f3w u\u017cytkowych NUFAM 2017 \u2013 najwa\u017cniejsze w po\u0142udniowych Niemczech. Spotyka si\u0119 tam ca\u0142a bran\u017ca i przyci\u0105ga nie tylko mieszka\u0144c\u00f3w Niemiec, ale r\u00f3wnie\u017c turyst\u00f3w z kraj\u00f3w o\u015bciennych, g\u0142\u00f3wnie z Francji, Szwajcarii oraz Austrii. Podczas targ\u00f3w swoje stanowisko b\u0119dzie mia\u0142 r\u00f3wnie\u017c MAN, kt\u00f3ry zaprezentuje m.in. [&hellip;]<\/p>\n","protected":false},"author":1,"featured_media":294,"comment_status":"closed","ping_status":"open","sticky":false,"template":"","format":"standard","meta":{"_acf_changed":false,"footnotes":""},"categories":[4],"tags":[],"class_list":["post-293","post","type-post","status-publish","format-standard","has-post-thumbnail","hentry","category-aktualnosci"],"acf":[],"yoast_head":"<!-- This site is optimized with the Yoast SEO Premium plugin v27.5 (Yoast SEO v27.5) - https:\/\/yoast.com\/product\/yoast-seo-premium-wordpress\/ -->\n<title>Pojazdy MAN na niemieckich targach NUFAM 2017 - Erem Serwis<\/title>\n<meta name=\"robots\" content=\"index, follow, max-snippet:-1, max-image-preview:large, max-video-preview:-1\" \/>\n<link rel=\"canonical\" href=\"https:\/\/eremserwis.pl\/ru\/pojazdy-man-na-niemieckich-targach-nufam-2017\/\" \/>\n<meta property=\"og:locale\" content=\"pl_PL\" \/>\n<meta property=\"og:type\" content=\"article\" \/>\n<meta property=\"og:title\" content=\"Pojazdy MAN na niemieckich targach NUFAM 2017\" \/>\n<meta property=\"og:description\" content=\"W dniach 28 wrze\u015bnia \u2013 1 pa\u017adziernika odb\u0119d\u0105 si\u0119 w Karlsruhe targi pojazd\u00f3w u\u017cytkowych NUFAM 2017 \u2013 najwa\u017cniejsze w po\u0142udniowych Niemczech. Spotyka si\u0119 tam ca\u0142a bran\u017ca i przyci\u0105ga nie tylko mieszka\u0144c\u00f3w Niemiec, ale r\u00f3wnie\u017c turyst\u00f3w z kraj\u00f3w o\u015bciennych, g\u0142\u00f3wnie z Francji, Szwajcarii oraz Austrii. Podczas targ\u00f3w swoje stanowisko b\u0119dzie mia\u0142 r\u00f3wnie\u017c MAN, kt\u00f3ry zaprezentuje m.in. [&hellip;]\" \/>\n<meta property=\"og:url\" content=\"https:\/\/eremserwis.pl\/ru\/pojazdy-man-na-niemieckich-targach-nufam-2017\/\" \/>\n<meta property=\"og:site_name\" content=\"Erem Serwis\" \/>\n<meta property=\"article:published_time\" content=\"2020-03-24T15:21:19+00:00\" \/>\n<meta property=\"article:modified_time\" content=\"2020-03-24T15:21:20+00:00\" \/>\n<meta property=\"og:image\" content=\"https:\/\/eremserwis.pl\/ru\/wp-content\/uploads\/sites\/3\/2020\/03\/icon-55.jpg\" \/>\n\t<meta property=\"og:image:width\" content=\"1321\" \/>\n\t<meta property=\"og:image:height\" content=\"955\" \/>\n\t<meta property=\"og:image:type\" content=\"image\/jpeg\" \/>\n<meta name=\"author\" content=\"erem_serwis\" \/>\n<meta name=\"twitter:card\" content=\"summary_large_image\" \/>\n<meta name=\"twitter:label1\" content=\"Napisane przez\" \/>\n\t<meta name=\"twitter:data1\" content=\"erem_serwis\" \/>\n\t<meta name=\"twitter:label2\" content=\"Szacowany czas czytania\" \/>\n\t<meta name=\"twitter:data2\" content=\"1 minuta\" \/>\n<script type=\"application\/ld+json\" class=\"yoast-schema-graph\">{\"@context\":\"https:\\\/\\\/schema.org\",\"@graph\":[{\"@type\":\"Article\",\"@id\":\"https:\\\/\\\/eremserwis.pl\\\/ru\\\/pojazdy-man-na-niemieckich-targach-nufam-2017\\\/#article\",\"isPartOf\":{\"@id\":\"https:\\\/\\\/eremserwis.pl\\\/ru\\\/pojazdy-man-na-niemieckich-targach-nufam-2017\\\/\"},\"author\":{\"name\":\"erem_serwis\",\"@id\":\"https:\\\/\\\/eremserwis.pl\\\/ru\\\/#\\\/schema\\\/person\\\/a82cc788462169e5723994c00189dc31\"},\"headline\":\"Pojazdy MAN na niemieckich targach NUFAM 2017\",\"datePublished\":\"2020-03-24T15:21:19+00:00\",\"dateModified\":\"2020-03-24T15:21:20+00:00\",\"mainEntityOfPage\":{\"@id\":\"https:\\\/\\\/eremserwis.pl\\\/ru\\\/pojazdy-man-na-niemieckich-targach-nufam-2017\\\/\"},\"wordCount\":119,\"publisher\":{\"@id\":\"https:\\\/\\\/eremserwis.pl\\\/ru\\\/#organization\"},\"image\":{\"@id\":\"https:\\\/\\\/eremserwis.pl\\\/ru\\\/pojazdy-man-na-niemieckich-targach-nufam-2017\\\/#primaryimage\"},\"thumbnailUrl\":\"https:\\\/\\\/eremserwis.pl\\\/ru\\\/wp-content\\\/uploads\\\/sites\\\/3\\\/2020\\\/03\\\/icon-55.jpg\",\"articleSection\":[\"Aktualno\u015bci\"],\"inLanguage\":\"pl-PL\"},{\"@type\":\"WebPage\",\"@id\":\"https:\\\/\\\/eremserwis.pl\\\/ru\\\/pojazdy-man-na-niemieckich-targach-nufam-2017\\\/\",\"url\":\"https:\\\/\\\/eremserwis.pl\\\/ru\\\/pojazdy-man-na-niemieckich-targach-nufam-2017\\\/\",\"name\":\"Pojazdy MAN na niemieckich targach NUFAM 2017 - Erem Serwis\",\"isPartOf\":{\"@id\":\"https:\\\/\\\/eremserwis.pl\\\/ru\\\/#website\"},\"primaryImageOfPage\":{\"@id\":\"https:\\\/\\\/eremserwis.pl\\\/ru\\\/pojazdy-man-na-niemieckich-targach-nufam-2017\\\/#primaryimage\"},\"image\":{\"@id\":\"https:\\\/\\\/eremserwis.pl\\\/ru\\\/pojazdy-man-na-niemieckich-targach-nufam-2017\\\/#primaryimage\"},\"thumbnailUrl\":\"https:\\\/\\\/eremserwis.pl\\\/ru\\\/wp-content\\\/uploads\\\/sites\\\/3\\\/2020\\\/03\\\/icon-55.jpg\",\"datePublished\":\"2020-03-24T15:21:19+00:00\",\"dateModified\":\"2020-03-24T15:21:20+00:00\",\"breadcrumb\":{\"@id\":\"https:\\\/\\\/eremserwis.pl\\\/ru\\\/pojazdy-man-na-niemieckich-targach-nufam-2017\\\/#breadcrumb\"},\"inLanguage\":\"pl-PL\",\"potentialAction\":[{\"@type\":\"ReadAction\",\"target\":[\"https:\\\/\\\/eremserwis.pl\\\/ru\\\/pojazdy-man-na-niemieckich-targach-nufam-2017\\\/\"]}]},{\"@type\":\"ImageObject\",\"inLanguage\":\"pl-PL\",\"@id\":\"https:\\\/\\\/eremserwis.pl\\\/ru\\\/pojazdy-man-na-niemieckich-targach-nufam-2017\\\/#primaryimage\",\"url\":\"https:\\\/\\\/eremserwis.pl\\\/ru\\\/wp-content\\\/uploads\\\/sites\\\/3\\\/2020\\\/03\\\/icon-55.jpg\",\"contentUrl\":\"https:\\\/\\\/eremserwis.pl\\\/ru\\\/wp-content\\\/uploads\\\/sites\\\/3\\\/2020\\\/03\\\/icon-55.jpg\",\"width\":1321,\"height\":955,\"caption\":\"Pojazdy MAN na niemieckich targach NUFAM 2017\"},{\"@type\":\"BreadcrumbList\",\"@id\":\"https:\\\/\\\/eremserwis.pl\\\/ru\\\/pojazdy-man-na-niemieckich-targach-nufam-2017\\\/#breadcrumb\",\"itemListElement\":[{\"@type\":\"ListItem\",\"position\":1,\"name\":\"Strona g\u0142\u00f3wna\",\"item\":\"https:\\\/\\\/eremserwis.pl\\\/ru\\\/\"},{\"@type\":\"ListItem\",\"position\":2,\"name\":\"Pojazdy MAN na niemieckich targach NUFAM 2017\"}]},{\"@type\":\"WebSite\",\"@id\":\"https:\\\/\\\/eremserwis.pl\\\/ru\\\/#website\",\"url\":\"https:\\\/\\\/eremserwis.pl\\\/ru\\\/\",\"name\":\"Erem Serwis zawsze po drodze\",\"description\":\"\u0412\u0441\u0435\u0433\u0434\u0430 \u043d\u0430 \u043f\u0443\u0442\u0438\",\"publisher\":{\"@id\":\"https:\\\/\\\/eremserwis.pl\\\/ru\\\/#organization\"},\"potentialAction\":[{\"@type\":\"SearchAction\",\"target\":{\"@type\":\"EntryPoint\",\"urlTemplate\":\"https:\\\/\\\/eremserwis.pl\\\/ru\\\/?s={search_term_string}\"},\"query-input\":{\"@type\":\"PropertyValueSpecification\",\"valueRequired\":true,\"valueName\":\"search_term_string\"}}],\"inLanguage\":\"pl-PL\"},{\"@type\":\"Organization\",\"@id\":\"https:\\\/\\\/eremserwis.pl\\\/ru\\\/#organization\",\"name\":\"Erem Serwis\",\"url\":\"https:\\\/\\\/eremserwis.pl\\\/ru\\\/\",\"logo\":{\"@type\":\"ImageObject\",\"inLanguage\":\"pl-PL\",\"@id\":\"https:\\\/\\\/eremserwis.pl\\\/ru\\\/#\\\/schema\\\/logo\\\/image\\\/\",\"url\":\"https:\\\/\\\/eremserwis.pl\\\/ru\\\/wp-content\\\/uploads\\\/sites\\\/3\\\/2025\\\/02\\\/IMG_5260.jpeg\",\"contentUrl\":\"https:\\\/\\\/eremserwis.pl\\\/ru\\\/wp-content\\\/uploads\\\/sites\\\/3\\\/2025\\\/02\\\/IMG_5260.jpeg\",\"width\":1506,\"height\":750,\"caption\":\"Erem Serwis\"},\"image\":{\"@id\":\"https:\\\/\\\/eremserwis.pl\\\/ru\\\/#\\\/schema\\\/logo\\\/image\\\/\"}},{\"@type\":\"Person\",\"@id\":\"https:\\\/\\\/eremserwis.pl\\\/ru\\\/#\\\/schema\\\/person\\\/a82cc788462169e5723994c00189dc31\",\"name\":\"erem_serwis\",\"image\":{\"@type\":\"ImageObject\",\"inLanguage\":\"pl-PL\",\"@id\":\"https:\\\/\\\/secure.gravatar.com\\\/avatar\\\/ab36b215a47a4b6c0507e1cd35dce8934baa59967f5612a4cdbc82f75321db24?s=96&d=mm&r=g\",\"url\":\"https:\\\/\\\/secure.gravatar.com\\\/avatar\\\/ab36b215a47a4b6c0507e1cd35dce8934baa59967f5612a4cdbc82f75321db24?s=96&d=mm&r=g\",\"contentUrl\":\"https:\\\/\\\/secure.gravatar.com\\\/avatar\\\/ab36b215a47a4b6c0507e1cd35dce8934baa59967f5612a4cdbc82f75321db24?s=96&d=mm&r=g\",\"caption\":\"erem_serwis\"},\"url\":\"https:\\\/\\\/eremserwis.pl\\\/ru\\\/author\\\/erem_serwis\\\/\"}]}<\/script>\n<!-- \/ Yoast SEO Premium plugin. -->","yoast_head_json":{"title":"Pojazdy MAN na niemieckich targach NUFAM 2017 - Erem Serwis","robots":{"index":"index","follow":"follow","max-snippet":"max-snippet:-1","max-image-preview":"max-image-preview:large","max-video-preview":"max-video-preview:-1"},"canonical":"https:\/\/eremserwis.pl\/ru\/pojazdy-man-na-niemieckich-targach-nufam-2017\/","og_locale":"pl_PL","og_type":"article","og_title":"Pojazdy MAN na niemieckich targach NUFAM 2017","og_description":"W dniach 28 wrze\u015bnia \u2013 1 pa\u017adziernika odb\u0119d\u0105 si\u0119 w Karlsruhe targi pojazd\u00f3w u\u017cytkowych NUFAM 2017 \u2013 najwa\u017cniejsze w po\u0142udniowych Niemczech. Spotyka si\u0119 tam ca\u0142a bran\u017ca i przyci\u0105ga nie tylko mieszka\u0144c\u00f3w Niemiec, ale r\u00f3wnie\u017c turyst\u00f3w z kraj\u00f3w o\u015bciennych, g\u0142\u00f3wnie z Francji, Szwajcarii oraz Austrii. Podczas targ\u00f3w swoje stanowisko b\u0119dzie mia\u0142 r\u00f3wnie\u017c MAN, kt\u00f3ry zaprezentuje m.in. [&hellip;]","og_url":"https:\/\/eremserwis.pl\/ru\/pojazdy-man-na-niemieckich-targach-nufam-2017\/","og_site_name":"Erem Serwis","article_published_time":"2020-03-24T15:21:19+00:00","article_modified_time":"2020-03-24T15:21:20+00:00","og_image":[{"width":1321,"height":955,"url":"https:\/\/eremserwis.pl\/ru\/wp-content\/uploads\/sites\/3\/2020\/03\/icon-55.jpg","type":"image\/jpeg"}],"author":"erem_serwis","twitter_card":"summary_large_image","twitter_misc":{"Napisane przez":"erem_serwis","Szacowany czas czytania":"1 minuta"},"schema":{"@context":"https:\/\/schema.org","@graph":[{"@type":"Article","@id":"https:\/\/eremserwis.pl\/ru\/pojazdy-man-na-niemieckich-targach-nufam-2017\/#article","isPartOf":{"@id":"https:\/\/eremserwis.pl\/ru\/pojazdy-man-na-niemieckich-targach-nufam-2017\/"},"author":{"name":"erem_serwis","@id":"https:\/\/eremserwis.pl\/ru\/#\/schema\/person\/a82cc788462169e5723994c00189dc31"},"headline":"Pojazdy MAN na niemieckich targach NUFAM 2017","datePublished":"2020-03-24T15:21:19+00:00","dateModified":"2020-03-24T15:21:20+00:00","mainEntityOfPage":{"@id":"https:\/\/eremserwis.pl\/ru\/pojazdy-man-na-niemieckich-targach-nufam-2017\/"},"wordCount":119,"publisher":{"@id":"https:\/\/eremserwis.pl\/ru\/#organization"},"image":{"@id":"https:\/\/eremserwis.pl\/ru\/pojazdy-man-na-niemieckich-targach-nufam-2017\/#primaryimage"},"thumbnailUrl":"https:\/\/eremserwis.pl\/ru\/wp-content\/uploads\/sites\/3\/2020\/03\/icon-55.jpg","articleSection":["Aktualno\u015bci"],"inLanguage":"pl-PL"},{"@type":"WebPage","@id":"https:\/\/eremserwis.pl\/ru\/pojazdy-man-na-niemieckich-targach-nufam-2017\/","url":"https:\/\/eremserwis.pl\/ru\/pojazdy-man-na-niemieckich-targach-nufam-2017\/","name":"Pojazdy MAN na niemieckich targach NUFAM 2017 - Erem Serwis","isPartOf":{"@id":"https:\/\/eremserwis.pl\/ru\/#website"},"primaryImageOfPage":{"@id":"https:\/\/eremserwis.pl\/ru\/pojazdy-man-na-niemieckich-targach-nufam-2017\/#primaryimage"},"image":{"@id":"https:\/\/eremserwis.pl\/ru\/pojazdy-man-na-niemieckich-targach-nufam-2017\/#primaryimage"},"thumbnailUrl":"https:\/\/eremserwis.pl\/ru\/wp-content\/uploads\/sites\/3\/2020\/03\/icon-55.jpg","datePublished":"2020-03-24T15:21:19+00:00","dateModified":"2020-03-24T15:21:20+00:00","breadcrumb":{"@id":"https:\/\/eremserwis.pl\/ru\/pojazdy-man-na-niemieckich-targach-nufam-2017\/#breadcrumb"},"inLanguage":"pl-PL","potentialAction":[{"@type":"ReadAction","target":["https:\/\/eremserwis.pl\/ru\/pojazdy-man-na-niemieckich-targach-nufam-2017\/"]}]},{"@type":"ImageObject","inLanguage":"pl-PL","@id":"https:\/\/eremserwis.pl\/ru\/pojazdy-man-na-niemieckich-targach-nufam-2017\/#primaryimage","url":"https:\/\/eremserwis.pl\/ru\/wp-content\/uploads\/sites\/3\/2020\/03\/icon-55.jpg","contentUrl":"https:\/\/eremserwis.pl\/ru\/wp-content\/uploads\/sites\/3\/2020\/03\/icon-55.jpg","width":1321,"height":955,"caption":"Pojazdy MAN na niemieckich targach NUFAM 2017"},{"@type":"BreadcrumbList","@id":"https:\/\/eremserwis.pl\/ru\/pojazdy-man-na-niemieckich-targach-nufam-2017\/#breadcrumb","itemListElement":[{"@type":"ListItem","position":1,"name":"Strona g\u0142\u00f3wna","item":"https:\/\/eremserwis.pl\/ru\/"},{"@type":"ListItem","position":2,"name":"Pojazdy MAN na niemieckich targach NUFAM 2017"}]},{"@type":"WebSite","@id":"https:\/\/eremserwis.pl\/ru\/#website","url":"https:\/\/eremserwis.pl\/ru\/","name":"Erem Serwis zawsze po drodze","description":"\u0412\u0441\u0435\u0433\u0434\u0430 \u043d\u0430 \u043f\u0443\u0442\u0438","publisher":{"@id":"https:\/\/eremserwis.pl\/ru\/#organization"},"potentialAction":[{"@type":"SearchAction","target":{"@type":"EntryPoint","urlTemplate":"https:\/\/eremserwis.pl\/ru\/?s={search_term_string}"},"query-input":{"@type":"PropertyValueSpecification","valueRequired":true,"valueName":"search_term_string"}}],"inLanguage":"pl-PL"},{"@type":"Organization","@id":"https:\/\/eremserwis.pl\/ru\/#organization","name":"Erem Serwis","url":"https:\/\/eremserwis.pl\/ru\/","logo":{"@type":"ImageObject","inLanguage":"pl-PL","@id":"https:\/\/eremserwis.pl\/ru\/#\/schema\/logo\/image\/","url":"https:\/\/eremserwis.pl\/ru\/wp-content\/uploads\/sites\/3\/2025\/02\/IMG_5260.jpeg","contentUrl":"https:\/\/eremserwis.pl\/ru\/wp-content\/uploads\/sites\/3\/2025\/02\/IMG_5260.jpeg","width":1506,"height":750,"caption":"Erem Serwis"},"image":{"@id":"https:\/\/eremserwis.pl\/ru\/#\/schema\/logo\/image\/"}},{"@type":"Person","@id":"https:\/\/eremserwis.pl\/ru\/#\/schema\/person\/a82cc788462169e5723994c00189dc31","name":"erem_serwis","image":{"@type":"ImageObject","inLanguage":"pl-PL","@id":"https:\/\/secure.gravatar.com\/avatar\/ab36b215a47a4b6c0507e1cd35dce8934baa59967f5612a4cdbc82f75321db24?s=96&d=mm&r=g","url":"https:\/\/secure.gravatar.com\/avatar\/ab36b215a47a4b6c0507e1cd35dce8934baa59967f5612a4cdbc82f75321db24?s=96&d=mm&r=g","contentUrl":"https:\/\/secure.gravatar.com\/avatar\/ab36b215a47a4b6c0507e1cd35dce8934baa59967f5612a4cdbc82f75321db24?s=96&d=mm&r=g","caption":"erem_serwis"},"url":"https:\/\/eremserwis.pl\/ru\/author\/erem_serwis\/"}]}},"_links":{"self":[{"href":"https:\/\/eremserwis.pl\/ru\/wp-json\/wp\/v2\/posts\/293","targetHints":{"allow":["GET"]}}],"collection":[{"href":"https:\/\/eremserwis.pl\/ru\/wp-json\/wp\/v2\/posts"}],"about":[{"href":"https:\/\/eremserwis.pl\/ru\/wp-json\/wp\/v2\/types\/post"}],"author":[{"embeddable":true,"href":"https:\/\/eremserwis.pl\/ru\/wp-json\/wp\/v2\/users\/1"}],"replies":[{"embeddable":true,"href":"https:\/\/eremserwis.pl\/ru\/wp-json\/wp\/v2\/comments?post=293"}],"version-history":[{"count":1,"href":"https:\/\/eremserwis.pl\/ru\/wp-json\/wp\/v2\/posts\/293\/revisions"}],"predecessor-version":[{"id":295,"href":"https:\/\/eremserwis.pl\/ru\/wp-json\/wp\/v2\/posts\/293\/revisions\/295"}],"wp:featuredmedia":[{"embeddable":true,"href":"https:\/\/eremserwis.pl\/ru\/wp-json\/wp\/v2\/media\/294"}],"wp:attachment":[{"href":"https:\/\/eremserwis.pl\/ru\/wp-json\/wp\/v2\/media?parent=293"}],"wp:term":[{"taxonomy":"category","embeddable":true,"href":"https:\/\/eremserwis.pl\/ru\/wp-json\/wp\/v2\/categories?post=293"},{"taxonomy":"post_tag","embeddable":true,"href":"https:\/\/eremserwis.pl\/ru\/wp-json\/wp\/v2\/tags?post=293"}],"curies":[{"name":"wp","href":"https:\/\/api.w.org\/{rel}","templated":true}]}}